{
    "id": 12900,
    "date": "2022-08-10T20:54:59",
    "date_gmt": "2022-08-10T20:54:59",
    "guid": {
        "rendered": "https:\/\/dryasinkursadvarsak.com\/?page_id=12900"
    },
    "modified": "2025-10-08T13:13:29",
    "modified_gmt": "2025-10-08T10:13:29",
    "slug": "alin-germe",
    "status": "publish",
    "type": "page",
    "link": "https:\/\/dryasinkursadvarsak.com\/tr_tr\/alin-germe\/",
    "title": {
        "rendered": "Al\u0131n Germe"
    },
    "content": {
        "rendered": "<div data-elementor-type=\"wp-page\" data-elementor-id=\"12900\" class=\"elementor elementor-12900\" data-elementor-post-type=\"page\">\n\t\t\t\t\t\t<section class=\"elementor-section elementor-top-section elementor-element elementor-element-76464e7 elementor-section-full_width elementor-section-height-default elementor-section-height-default qodef-elementor-content-no\" data-id=\"76464e7\" data-element_type=\"section\" data-e-type=\"section\">\n\t\t\t\t\t\t<div class=\"elementor-container elementor-column-gap-default\">\n\t\t\t\t\t<div class=\"elementor-column elementor-col-100 elementor-top-column elementor-element elementor-element-a941206\" data-id=\"a941206\" data-element_type=\"column\" data-e-type=\"column\">\n\t\t\t<div class=\"elementor-widget-wrap elementor-element-populated\">\n\t\t\t\t\t\t<div class=\"elementor-element elementor-element-e3c6c97 elementor-widget elementor-widget-image\" data-id=\"e3c6c97\" data-element_type=\"widget\" data-e-type=\"widget\" data-widget_type=\"image.default\">\n\t\t\t\t\t\t\t\t\t\t\t\t\t\t\t<img fetchpriority=\"high\" decoding=\"async\" width=\"1000\" height=\"400\" src=\"https:\/\/dryasinkursadvarsak.com\/wp-content\/uploads\/2022\/08\/GetPaidStock.com-62e2cdf50d446.jpg\" class=\"attachment-large size-large wp-image-12812\" alt=\"\" srcset=\"https:\/\/dryasinkursadvarsak.com\/wp-content\/uploads\/2022\/08\/GetPaidStock.com-62e2cdf50d446.jpg 1000w, https:\/\/dryasinkursadvarsak.com\/wp-content\/uploads\/2022\/08\/GetPaidStock.com-62e2cdf50d446-300x120.jpg 300w, https:\/\/dryasinkursadvarsak.com\/wp-content\/uploads\/2022\/08\/GetPaidStock.com-62e2cdf50d446-768x307.jpg 768w, https:\/\/dryasinkursadvarsak.com\/wp-content\/uploads\/2022\/08\/GetPaidStock.com-62e2cdf50d446-18x7.jpg 18w\" sizes=\"(max-width: 1000px) 100vw, 1000px\" \/>\t\t\t\t\t\t\t\t\t\t\t\t\t\t\t<\/div>\n\t\t\t\t<div class=\"elementor-element elementor-element-7b2b1b1 elementor-widget elementor-widget-heading\" data-id=\"7b2b1b1\" data-element_type=\"widget\" data-e-type=\"widget\" data-widget_type=\"heading.default\">\n\t\t\t\t\t<h4 class=\"elementor-heading-title elementor-size-default\">Al\u0131n Germe <\/h4>\t\t\t\t<\/div>\n\t\t\t\t<div class=\"elementor-element elementor-element-a846632 elementor-widget elementor-widget-text-editor\" data-id=\"a846632\" data-element_type=\"widget\" data-e-type=\"widget\" data-widget_type=\"text-editor.default\">\n\t\t\t\t\t\t\t\t\t<p>Al\u0131n, ka\u015flar, \u015fakak b\u00f6lgeleri ve g\u00f6z kapaklar\u0131n\u0131 i\u00e7ine alan \u00fcst y\u00fcz b\u00f6lgesinde ya\u015flanma, ya\u015flanan y\u00fcz\u00fcn bir komponenti olarak kar\u015f\u0131m\u0131za \u00e7\u0131kar. Al\u0131n b\u00f6lgesindeki mimik \u00e7izgileri zamanla derinle\u015ferek dikey veya yatay \u00e7izgiler meydana getirir. Bu g\u00f6r\u00fcn\u00fcm yorgun ve ya\u015fl\u0131 bir ifadeye neden olur. Ayr\u0131ca deri alt\u0131nda kolajenin azalmas\u0131 ve kas dokular\u0131n\u0131n s\u0131k\u0131l\u0131\u011f\u0131n\u0131 yitirmesiyle al\u0131n a\u015fa\u011f\u0131 do\u011fru sarkmaya ba\u015flar. Al\u0131n germe esteti\u011fi ile mimik \u00e7izgileri azalt\u0131larak ki\u015finin daha gen\u00e7 g\u00f6r\u00fcnmesi sa\u011flan\u0131r. Ayn\u0131 zamanda al\u0131n orta hatta ve \u015fakaklarda a\u015fa\u011f\u0131ya sarkan cilt ve cilt alt\u0131 dokusu ask\u0131lanarak gerginlik elde edilir. G\u00fcn\u00fcm\u00fczde \u00fcst y\u00fczde meydana gelen ya\u015flanman\u0131n tedavisinde her ne kadar kal\u0131c\u0131 etki sa\u011flamasa da botoks uygulama kolayl\u0131\u011f\u0131 ve yayg\u0131nl\u0131\u011f\u0131ndan dolay\u0131 daha tercih edilebilir hale gelmi\u015ftir. Bundan dolay\u0131 da ka\u015f \u00e7atma b\u00f6lgesi ve al\u0131n \u00e7izgileri i\u00e7in al\u0131n germe operasyonlar\u0131 eskisi kadar s\u0131k yap\u0131lmamaktad\u0131r.<\/p>\t\t\t\t\t\t\t\t<\/div>\n\t\t\t\t<div class=\"elementor-element elementor-element-6ef46e3 elementor-widget elementor-widget-heading\" data-id=\"6ef46e3\" data-element_type=\"widget\" data-e-type=\"widget\" data-widget_type=\"heading.default\">\n\t\t\t\t\t<h4 class=\"elementor-heading-title elementor-size-default\">Al\u0131n Germe Operasyonu Nas\u0131l Yap\u0131l\u0131r?<\/h4>\t\t\t\t<\/div>\n\t\t\t\t<div class=\"elementor-element elementor-element-b653b39 elementor-widget elementor-widget-text-editor\" data-id=\"b653b39\" data-element_type=\"widget\" data-e-type=\"widget\" data-widget_type=\"text-editor.default\">\n\t\t\t\t\t\t\t\t\t<p>Al\u0131n germe operasyonu a\u00e7\u0131k veya endoskopik olarak ger\u00e7ekle\u015ftirilebilir. Bu i\u015flem genellikle genel anestezi alt\u0131nda yap\u0131l\u0131r. Sa\u00e7 \u00e7izgisinin i\u00e7erisinden yap\u0131lan birka\u00e7 adet kesi ile girilerek kafatas\u0131ndan serbestle\u015ftirilen al\u0131n cilt ve cilt alt\u0131 dokusu yukar\u0131 b\u00f6lgelerdeki kemik k\u0131l\u0131f\u0131na as\u0131l\u0131r ayn\u0131 zamanda ka\u00e7 \u00e7atmam\u0131za ve al\u0131n k\u0131r\u0131\u015ft\u0131rmam\u0131za neden olan k\u00fc\u00e7\u00fck kas gruplar\u0131 fonksiyonsuz hale getirilir. Bu i\u015flem \u015fakak germe ve ka\u015f kald\u0131rma i\u015flemi ile de kombine edilerek yap\u0131labilir.1 hafta -10 g\u00fcn sonra diki\u015fler al\u0131n\u0131r ve ki\u015fi g\u00fcnl\u00fck ya\u015fam\u0131na d\u00f6nebilir.<\/p>\t\t\t\t\t\t\t\t<\/div>\n\t\t\t\t\t<\/div>\n\t\t<\/div>\n\t\t\t\t\t<\/div>\n\t\t<\/section>\n\t\t\t\t<\/div>",
        "protected": false
    },
    "excerpt": {
        "rendered": "<p>Al\u0131n Germe Al\u0131n, ka\u015flar, \u015fakak b\u00f6lgeleri ve g\u00f6z kapaklar\u0131n\u0131 i\u00e7ine alan \u00fcst y\u00fcz b\u00f6lgesinde ya\u015flanma, ya\u015flanan y\u00fcz\u00fcn bir komponenti olarak kar\u015f\u0131m\u0131za \u00e7\u0131kar. Al\u0131n b\u00f6lgesindeki mimik \u00e7izgileri zamanla derinle\u015ferek dikey veya yatay \u00e7izgiler meydana getirir. Bu g\u00f6r\u00fcn\u00fcm yorgun ve ya\u015fl\u0131 bir ifadeye neden olur. Ayr\u0131ca deri alt\u0131nda kolajenin azalmas\u0131 ve kas dokular\u0131n\u0131n s\u0131k\u0131l\u0131\u011f\u0131n\u0131 yitirmesiyle al\u0131n a\u015fa\u011f\u0131 [&hellip;]<\/p>",
        "protected": false
    },
    "author": 3,
    "featured_media": 0,
    "parent": 0,
    "menu_order": 0,
    "comment_status": "closed",
    "ping_status": "closed",
    "template": "",
    "meta": {
        "footnotes": ""
    },
    "class_list": [
        "post-12900",
        "page",
        "type-page",
        "status-publish",
        "hentry"
    ],
    "_links": {
        "self": [
            {
                "href": "https:\/\/dryasinkursadvarsak.com\/tr_tr\/wp-json\/wp\/v2\/pages\/12900",
                "targetHints": {
                    "allow": [
                        "GET"
                    ]
                }
            }
        ],
        "collection": [
            {
                "href": "https:\/\/dryasinkursadvarsak.com\/tr_tr\/wp-json\/wp\/v2\/pages"
            }
        ],
        "about": [
            {
                "href": "https:\/\/dryasinkursadvarsak.com\/tr_tr\/wp-json\/wp\/v2\/types\/page"
            }
        ],
        "author": [
            {
                "embeddable": true,
                "href": "https:\/\/dryasinkursadvarsak.com\/tr_tr\/wp-json\/wp\/v2\/users\/3"
            }
        ],
        "replies": [
            {
                "embeddable": true,
                "href": "https:\/\/dryasinkursadvarsak.com\/tr_tr\/wp-json\/wp\/v2\/comments?post=12900"
            }
        ],
        "version-history": [
            {
                "count": 13,
                "href": "https:\/\/dryasinkursadvarsak.com\/tr_tr\/wp-json\/wp\/v2\/pages\/12900\/revisions"
            }
        ],
        "predecessor-version": [
            {
                "id": 14163,
                "href": "https:\/\/dryasinkursadvarsak.com\/tr_tr\/wp-json\/wp\/v2\/pages\/12900\/revisions\/14163"
            }
        ],
        "wp:attachment": [
            {
                "href": "https:\/\/dryasinkursadvarsak.com\/tr_tr\/wp-json\/wp\/v2\/media?parent=12900"
            }
        ],
        "curies": [
            {
                "name": "wp",
                "href": "https:\/\/api.w.org\/{rel}",
                "templated": true
            }
        ]
    }
}